{"id":13236,"date":"2026-02-10T18:08:06","date_gmt":"2026-02-10T17:08:06","guid":{"rendered":"https:\/\/biolaser.fr\/attiva-radiofrequenz-in-saint-louis-hautstraffung-und-hautqualitaet\/"},"modified":"2026-04-24T11:41:19","modified_gmt":"2026-04-24T09:41:19","slug":"attiva-radiofrequenz-in-saint-louis-hautstraffung-und-hautqualitaet","status":"publish","type":"post","link":"https:\/\/biolaser.fr\/de\/attiva-radiofrequenz-in-saint-louis-hautstraffung-und-hautqualitaet\/","title":{"rendered":"ATTIVA\u00ae Radiofrequenz in Saint-Louis: Hautstraffung und Hautqualit\u00e4t"},"content":{"rendered":"\n<p>Im <strong>Biolaser Center<\/strong> in <strong>Saint-Louis<\/strong> bieten wir <strong><a href=\"https:\/\/biolaser.fr\/de\/\" data-type=\"link\" data-id=\"https:\/\/biolaser.fr\/de\/\">die ATTIVA-Radiofrequenz\u00ae<\/a><\/strong> an, um Patienten zu unterst\u00fctzen, die die <strong>Festigkeit<\/strong>, <strong>Textur<\/strong> und <strong>Qualit\u00e4t der Haut<\/strong> im Gesicht und bestimmter empfindlicher Bereiche (Oval, Hals usw.) verbessern m\u00f6chten.<br\/>Wir empfangen Patienten aus <strong>Saint-Louis<\/strong>, <strong>Huningue<\/strong>, aber auch aus <strong>M\u00fclhaus<\/strong>, <strong>Colmar<\/strong>, <strong>Altkirch<\/strong> sowie aus <strong>Belfort<\/strong> und <strong>Montb\u00e9liard<\/strong>.<\/p>\n\n<div class=\"wp-block-columns BlockTexte is-layout-flex wp-container-core-columns-is-layout-9d6595d7 wp-block-columns-is-layout-flex\">\n<div class=\"wp-block-column is-layout-flow wp-block-column-is-layout-flow\">\n<h3 class=\"wp-block-heading has-text-align-center\">Was ist ATTIVA-Radiofrequenz\u00ae?<\/h3>\n\n\n\n<p>ATTIVA\u00ae ist eine <strong>Radiofrequenztechnologie<\/strong> , die in der \u00e4sthetischen Medizin verwendet wird, um kontrollierte Energie in das Gewebe zu \u00fcbertragen. Ziel ist <strong>es, eine fortschreitende Stimulation<\/strong> des Hautgewebes zu unterst\u00fctzen, um sich im Laufe der Zeit zu verbessern: <\/p>\n<\/div>\n<\/div>\n\n<div class=\"wp-block-columns BlockVideo is-layout-flex wp-container-core-columns-is-layout-9d6595d7 wp-block-columns-is-layout-flex\">\n<div class=\"wp-block-column is-layout-flow wp-block-column-is-layout-flow\">\n<ul class=\"wp-block-list\">\n<li><strong>Ton,<\/strong><\/li>\n\n\n\n<li><strong>Dichte<\/strong>,<\/li>\n\n\n\n<li>das <strong>runzlige<\/strong> Aussehen,<\/li>\n\n\n\n<li>und die allgemeine <strong><a href=\"https:\/\/biolaser.fr\/de\/faltige-und-schlaffe-haut-attiva\/\" data-type=\"link\" data-id=\"https:\/\/biolaser.fr\/peau-froissee-et-relachee-attiva\/\">Hautqualit\u00e4t<\/a><\/strong> .<\/li>\n<\/ul>\n<\/div>\n\n\n\n<div class=\"wp-block-column is-vertically-aligned-center is-layout-flow wp-block-column-is-layout-flow\">\n<figure class=\"wp-block-image size-large\"><img fetchpriority=\"high\" decoding=\"async\" width=\"1024\" height=\"330\" src=\"https:\/\/biolaser.fr\/wp-content\/uploads\/2024\/07\/attiva-page-cover2-1024x330.png\" alt=\"ATTIVA: Radiofrequenz unter der Haut\" class=\"wp-image-9658\" srcset=\"https:\/\/biolaser.fr\/wp-content\/uploads\/2024\/07\/attiva-page-cover2-1024x330.png 1024w, https:\/\/biolaser.fr\/wp-content\/uploads\/2024\/07\/attiva-page-cover2-300x97.png 300w, https:\/\/biolaser.fr\/wp-content\/uploads\/2024\/07\/attiva-page-cover2-768x248.png 768w, https:\/\/biolaser.fr\/wp-content\/uploads\/2024\/07\/attiva-page-cover2-1536x495.png 1536w, https:\/\/biolaser.fr\/wp-content\/uploads\/2024\/07\/attiva-page-cover2.png 1544w\" sizes=\"(max-width: 1024px) 100vw, 1024px\" \/><\/figure>\n<\/div>\n<\/div>\n\n<div class=\"wp-block-columns BlockTexte is-layout-flex wp-container-core-columns-is-layout-9d6595d7 wp-block-columns-is-layout-flex\">\n<div class=\"wp-block-column is-layout-flow wp-block-column-is-layout-flow\">\n<p>Der Ansatz ist <strong>personalisiert<\/strong> : Eine Radiofrequenz kann in bestimmten Situationen relevant sein (leichte bis m\u00e4\u00dfige schlaffe Haut, weniger definierte Haut), aber sie ist nicht die Antwort auf alles. Es ist genau die Aufgabe der Beratung, auf die koh\u00e4renteste L\u00f6sung hinzuweisen. <\/p>\n<\/div>\n<\/div>\n\n<div class=\"wp-block-columns BlockTexte is-layout-flex wp-container-core-columns-is-layout-9d6595d7 wp-block-columns-is-layout-flex\">\n<div class=\"wp-block-column is-layout-flow wp-block-column-is-layout-flow\">\n<h3 class=\"wp-block-heading has-text-align-center\">F\u00fcr wen?  <\/h3>\n\n\n\n<p>ATTIVA-Radiofrequenz\u00ae kann ber\u00fccksichtigt werden, wenn Sie beobachten:<\/p>\n\n\n\n<ul class=\"wp-block-list\">\n<li><strong><a href=\"https:\/\/biolaser.fr\/de\/faltige-und-schlaffe-haut-attiva\/\" data-type=\"link\" data-id=\"https:\/\/biolaser.fr\/peau-froissee-et-relachee-attiva\/\">Verlust der Festigkeit des unteren Gesichts<\/a><\/strong> (ovale, weniger scharfe Konturen)<\/li>\n\n\n\n<li><strong><a href=\"https:\/\/biolaser.fr\/de\/faltige-und-schlaffe-haut-attiva\/\" data-type=\"link\" data-id=\"https:\/\/biolaser.fr\/peau-froissee-et-relachee-attiva\/\">Anf\u00e4nger-Entspannung<\/a><\/strong> (entstehende Wangen, abh\u00e4ngig von der Morphologie)<\/li>\n\n\n\n<li><strong><a href=\"https:\/\/biolaser.fr\/de\/faltige-und-schlaffe-haut-attiva\/\" data-type=\"link\" data-id=\"https:\/\/biolaser.fr\/peau-froissee-et-relachee-attiva\/\">Faltige \/ weniger definierte Haut<\/a><\/strong><\/li>\n\n\n\n<li><strong><a href=\"https:\/\/biolaser.fr\/de\/faltige-und-schlaffe-haut-attiva\/\" data-type=\"link\" data-id=\"https:\/\/biolaser.fr\/peau-froissee-et-relachee-attiva\/\">H\u00e4ngender Hals<\/a><\/strong> (oft schwieriger Bereich)<\/li>\n\n\n\n<li><a href=\"https:\/\/biolaser.fr\/de\/faltige-und-schlaffe-haut-attiva\/\" data-type=\"link\" data-id=\"https:\/\/biolaser.fr\/peau-froissee-et-relachee-attiva\/\"><strong>Ungleichm\u00e4\u00dfige Hautstruktur<\/strong> <\/a>(je nach Indikation und klinischer Untersuchung)<\/li>\n<\/ul>\n<\/div>\n<\/div>\n\n<div class=\"wp-block-columns BlockTexte is-layout-flex wp-container-core-columns-is-layout-9d6595d7 wp-block-columns-is-layout-flex\">\n<div class=\"wp-block-column is-layout-flow wp-block-column-is-layout-flow\">\n<div class=\"wp-block-group\"><div class=\"wp-block-group__inner-container is-layout-flow wp-block-group-is-layout-flow\">\n<div class=\"wp-block-group StepDiv\"><div class=\"wp-block-group__inner-container is-layout-flow wp-block-group-is-layout-flow\">\n<h2 class=\"wp-block-heading\">Wie funktioniert die Behandlung im Biolaser Centre?<\/h2>\n\n\n\n<div class=\"wp-block-columns is-layout-flex wp-container-core-columns-is-layout-9d6595d7 wp-block-columns-is-layout-flex\">\n<div class=\"wp-block-column is-layout-flow wp-block-column-is-layout-flow\">\n<p class=\"has-text-align-center stepNumber\">01<\/p>\n\n\n\n<h3 class=\"wp-block-heading has-text-align-center\">Vorl\u00e4ufige medizinische Beratung<\/h3>\n\n\n\n<p>W\u00e4hrend der ersten Beratung im Zentrum f\u00fchren wir Folgendes durch:<\/p>\n\n\n\n<ul class=\"wp-block-list\">\n<li>eine klinische Untersuchung,<\/li>\n\n\n\n<li>eine Hautanalyse (Qualit\u00e4t, Ton, Priorit\u00e4tsbereiche),<\/li>\n\n\n\n<li>eine Diskussion von Zielen und Einschr\u00e4nkungen,<\/li>\n\n\n\n<li>und eine \u00dcberpr\u00fcfung auf Kontraindikationen.<\/li>\n<\/ul>\n\n\n\n<p>Dieser Schritt hilft auch zu bestimmen, ob ATTIVA\u00ae wirklich die beste Wahl ist oder ob eine andere Strategie (Laser, Peelings, Biostimulation usw.) besser geeignet w\u00e4re.<\/p>\n<\/div>\n\n\n\n<div class=\"wp-block-column is-layout-flow wp-block-column-is-layout-flow\">\n<p class=\"has-text-align-center stepNumber\">02<\/p>\n\n\n\n<h3 class=\"wp-block-heading has-text-align-center\">ATTIVA-Radiofrequenzsitzung\u00ae<\/h3>\n\n\n\n<p>Das Protokoll variiert je nach Bereich (Gesicht, Oval, Hals usw.) und der Indikatio. Das Ziel ist eine <strong>kontrollierte<\/strong> und <strong>gezielte<\/strong> Energieabgabe in medizinischer Umgebung. <\/p>\n<\/div>\n\n\n\n<div class=\"wp-block-column is-layout-flow wp-block-column-is-layout-flow\">\n<p class=\"has-text-align-center stepNumber\">03<\/p>\n\n\n\n<h3 class=\"wp-block-heading has-text-align-center\">Nachsorge und Nachsorge nach dem Eingriff<\/h3>\n\n\n\n<p>Wir geben systematisch Empfehlungen nach der Sitzung und schlagen eine Nachverfolgung gem\u00e4\u00df dem definierten Plan vor.<\/p>\n<\/div>\n<\/div>\n<\/div><\/div>\n<\/div><\/div>\n<\/div>\n<\/div>\n\n<div class=\"wp-block-columns BlockTexte is-layout-flex wp-container-core-columns-is-layout-9d6595d7 wp-block-columns-is-layout-flex\">\n<div class=\"wp-block-column is-layout-flow wp-block-column-is-layout-flow\">\n<h3 class=\"wp-block-heading has-text-align-center\">Ergebnisse: Was kann man erwarten?<br\/><\/h3>\n\n\n\n<p>Die Ergebnisse sind in der Regel <strong>allm\u00e4hlich<\/strong>. Die Verbesserung kann sich dabei betreffen: <\/p>\n\n\n\n<ul class=\"wp-block-list\">\n<li>mehr <strong>durchtrainierte<\/strong> Haut,<\/li>\n\n\n\n<li>Ein Gef\u00fchl von <strong>dichterer<\/strong> Haut,<\/li>\n\n\n\n<li>Besser <strong>strukturierte Konturen<\/strong> (je nach Fall).<\/li>\n<\/ul>\n\n\n\n<p>Das Ergebnis h\u00e4ngt insbesondere von der Indikation, der behandelten Stelle und dem urspr\u00fcnglichen Hautkapital ab. Wir bestehen auf einem <strong>realistischen<\/strong> Ansatz: Das Ziel ist eine <strong>nat\u00fcrliche<\/strong> und best\u00e4ndige Verbesserung Ihres Gesichts. <\/p>\n<\/div>\n<\/div>\n\n<div class=\"wp-block-columns BlockTexte is-layout-flex wp-container-core-columns-is-layout-9d6595d7 wp-block-columns-is-layout-flex\">\n<div class=\"wp-block-column is-layout-flow wp-block-column-is-layout-flow\">\n<h3 class=\"wp-block-heading has-text-align-center\">ATTIVA\u00ae in einer globalen Entspannungsstrategie<\/h3>\n\n\n\n<p>Schlaffe Haut ist multifaktoriell: Hautqualit\u00e4t, Alter, Dichteverlust, Gewichtsschwankungen, Genetik, Lebensstil usw.<br\/>Deshalb kann ATTIVA\u00ae in eine globalere Strategie integriert werden, zus\u00e4tzlich (sofern angegeben) zu anderen Techniken, die am Biolaser Center in Saint-Louis verf\u00fcgbar sind, insbesondere f\u00fcr:<\/p>\n\n\n\n<ul class=\"wp-block-list\">\n<li><strong>Textur<\/strong>,<\/li>\n\n\n\n<li><strong>Brillanz<\/strong>,<\/li>\n\n\n\n<li><strong>Dichte<\/strong>,<\/li>\n\n\n\n<li>oder die Harmonisierung bestimmter Bereiche.<\/li>\n<\/ul>\n\n\n\n<p>W\u00e4hrend der Beratung werden wir Sie auf die passendste Behandlung f\u00fcr Ihre Situation verweisen.<\/p>\n<\/div>\n<\/div>\n\n<div class=\"wp-block-columns BlockTexte is-layout-flex wp-container-core-columns-is-layout-9d6595d7 wp-block-columns-is-layout-flex\">\n<div class=\"wp-block-column is-layout-flow wp-block-column-is-layout-flow\">\n<h3 class=\"wp-block-heading has-text-align-center\">Sicherheit: Warum eine medizinische Beratung unerl\u00e4sslich ist<\/h3>\n\n\n\n<p>Sicherheit: Warum eine medizinische Beratung unerl\u00e4sslich ist<\/p>\n\n\n\n<p>Wie jeder medizinische Eingriff erfordert eine Radiofrequenz:<\/p>\n\n\n\n<ul class=\"wp-block-list\">\n<li>eine korrekt formulierte Indikatio,<\/li>\n\n\n\n<li>Klare Informationen,<\/li>\n\n\n\n<li>eine Anpassung des Protokolls,<\/li>\n\n\n\n<li>Und eine Fortsetzung.<\/li>\n<\/ul>\n<\/div>\n<\/div>\n\n<div class=\"wp-block-columns BlockTexte is-layout-flex wp-container-core-columns-is-layout-9d6595d7 wp-block-columns-is-layout-flex\">\n<div class=\"wp-block-column is-layout-flow wp-block-column-is-layout-flow\">\n<h3 class=\"wp-block-heading has-text-align-center\">Vereinbaren Sie einen Termin \u2013 Biolaser Centre (Saint-Louis, Haut-Rhin)<\/h3>\n\n\n\n<p>Um herauszufinden, ob die ATTIVA-Radiofrequenz\u00ae f\u00fcr Ihre Haut geeignet ist, laden wir Sie ein, einen Termin f\u00fcr eine <strong>medizinische Beratung<\/strong> im Biolaser Centre in <strong>Saint-Louis<\/strong> zu vereinbaren, das leicht von <strong>Mulhouse<\/strong>, <strong>Colmar<\/strong> und <strong>Belfort<\/strong> aus erreichbar ist.<\/p>\n\n\n\n<p>Termin: \u00fcber <strong><a href=\"https:\/\/www.doctolib.fr\/centre-laser-et-esthetique\/saint-louis\/centre-medical-biolaser\" data-type=\"link\" data-id=\"https:\/\/www.doctolib.fr\/centre-laser-et-esthetique\/saint-louis\/centre-medical-biolaser\" target=\"_blank\" rel=\"noopener\">Doctolib (Biolaser Center)<\/a><\/strong> oder direkt an <a href=\"https:\/\/biolaser.fr\/de\/\" data-type=\"link\" data-id=\"https:\/\/biolaser.fr\/de\/\"><strong>biolaser.fr<\/strong>.<\/a><\/p>\n<\/div>\n<\/div>\n\n<div class=\"wp-block-columns BlockTexte is-layout-flex wp-container-core-columns-is-layout-9d6595d7 wp-block-columns-is-layout-flex\">\n<div class=\"wp-block-column is-layout-flow wp-block-column-is-layout-flow\">\n<h3 class=\"wp-block-heading has-text-align-center\">FAQ \u2013 ATTIVA\u00ae Radiofrequenz<\/h3>\n\n\n\n<p><strong>Ist es eine Alternative zur Operation?<\/strong><br\/>Nein. Das Ziel ist es, <strong>die Hautqualit\u00e4t<\/strong> <strong>zu straffen<\/strong> und zu verbessern. Wir kl\u00e4ren diesen Punkt immer in der Beratung.  <\/p>\n\n\n\n<p><strong>Wie viele Sitzungen brauchst du?<\/strong><br\/>Es h\u00e4ngt von der Indikation und dem Gebiet ab. Nach der Untersuchung wird ein individueller Plan erstellt. <\/p>\n\n\n\n<p><strong>Wann sehen wir die Ergebnisse?<\/strong><br\/>Die Verbesserungen erfolgen meist <strong>allm\u00e4hlich<\/strong> \u00fcber mehrere Wochen.<\/p>\n\n\n\n<p><strong>Kann der Hals behandelt werden?<\/strong><br\/>Der Hals kann ein Hinweis sein, muss aber genau deshalb bewertet werden, weil es sich um einen besonderen Bereich handelt.<\/p>\n<\/div>\n<\/div>\n\n<p><\/p>\n","protected":false},"excerpt":{"rendered":"<p>Im Biolaser Center in Saint-Louis bieten wir die ATTIVA-Radiofrequenz\u00ae an, um Patienten zu unterst\u00fctzen, die die Festigkeit, Textur und Qualit\u00e4t der Haut im Gesicht und bestimmter empfindlicher Bereiche (Oval, Hals usw.) verbessern m\u00f6chten.Wir empfangen Patienten aus Saint-Louis, Huningue, aber auch aus M\u00fclhaus, Colmar, Altkirch sowie aus Belfort und Montb\u00e9liard. Was ist ATTIVA-Radiofrequenz\u00ae? ATTIVA\u00ae ist eine [&hellip;]<\/p>\n","protected":false},"author":3,"featured_media":12100,"comment_status":"closed","ping_status":"closed","sticky":false,"template":"","format":"standard","meta":{"_acf_changed":false,"tpgb_global_settings":"","footnotes":""},"categories":[9],"tags":[],"class_list":["post-13236","post","type-post","status-publish","format-standard","has-post-thumbnail","hentry","category-unkategorisiert"],"acf":[],"tpgb_featured_images":{"full":["https:\/\/biolaser.fr\/wp-content\/uploads\/2025\/05\/attiva-full-face-treatment.jpg",480,360,false],"tp-image-grid":["https:\/\/biolaser.fr\/wp-content\/uploads\/2025\/05\/attiva-full-face-treatment-700x700.jpg",700,700,true],"thumbnail":["https:\/\/biolaser.fr\/wp-content\/uploads\/2025\/05\/attiva-full-face-treatment-150x150.jpg",150,150,true],"medium":["https:\/\/biolaser.fr\/wp-content\/uploads\/2025\/05\/attiva-full-face-treatment-300x225.jpg",300,225,true],"medium_large":["https:\/\/biolaser.fr\/wp-content\/uploads\/2025\/05\/attiva-full-face-treatment.jpg",480,360,false],"large":["https:\/\/biolaser.fr\/wp-content\/uploads\/2025\/05\/attiva-full-face-treatment.jpg",480,360,false],"default":"https:\/\/biolaser.fr\/wp-content\/plugins\/the-plus-addons-for-block-editor\/assets\/images\/tpgb-placeholder.jpg"},"tpgb_post_meta_info":{"get_date":"10. Februar 2026","category_list":{"category":[{"term_id":9,"name":"Unkategorisiert","slug":"unkategorisiert","term_group":0,"term_taxonomy_id":9,"taxonomy":"category","description":"","parent":0,"count":120,"filter":"raw"}],"post_tag":false},"author_name":"mthanacody","author_url":"https:\/\/biolaser.fr\/de\/author\/mthanacody\/","author_email":"mthanacody@gmail.com","author_website":"","author_description":"","author_facebook":"","author_twitter":"","author_instagram":"","author_role":["administrator"],"author_firstname":"","author_lastname":"","user_login":"mthanacody","comment_count":0,"post_likes":0,"post_views":0},"tpgb_post_category":{"category":"<a href=\"https:\/\/biolaser.fr\/de\/category\/unkategorisiert\/\" alt=\"Unkategorisiert\" class=\"category-unkategorisiert\">Unkategorisiert<\/a> "},"_links":{"self":[{"href":"https:\/\/biolaser.fr\/de\/wp-json\/wp\/v2\/posts\/13236","targetHints":{"allow":["GET"]}}],"collection":[{"href":"https:\/\/biolaser.fr\/de\/wp-json\/wp\/v2\/posts"}],"about":[{"href":"https:\/\/biolaser.fr\/de\/wp-json\/wp\/v2\/types\/post"}],"author":[{"embeddable":true,"href":"https:\/\/biolaser.fr\/de\/wp-json\/wp\/v2\/users\/3"}],"replies":[{"embeddable":true,"href":"https:\/\/biolaser.fr\/de\/wp-json\/wp\/v2\/comments?post=13236"}],"version-history":[{"count":2,"href":"https:\/\/biolaser.fr\/de\/wp-json\/wp\/v2\/posts\/13236\/revisions"}],"predecessor-version":[{"id":13240,"href":"https:\/\/biolaser.fr\/de\/wp-json\/wp\/v2\/posts\/13236\/revisions\/13240"}],"wp:featuredmedia":[{"embeddable":true,"href":"https:\/\/biolaser.fr\/de\/wp-json\/wp\/v2\/media\/12100"}],"wp:attachment":[{"href":"https:\/\/biolaser.fr\/de\/wp-json\/wp\/v2\/media?parent=13236"}],"wp:term":[{"taxonomy":"category","embeddable":true,"href":"https:\/\/biolaser.fr\/de\/wp-json\/wp\/v2\/categories?post=13236"},{"taxonomy":"post_tag","embeddable":true,"href":"https:\/\/biolaser.fr\/de\/wp-json\/wp\/v2\/tags?post=13236"}],"curies":[{"name":"wp","href":"https:\/\/api.w.org\/{rel}","templated":true}]}}