{"id":12564,"date":"2025-12-11T15:58:57","date_gmt":"2025-12-11T14:58:57","guid":{"rendered":"https:\/\/biolaser.fr\/?p=12564"},"modified":"2025-12-11T17:38:37","modified_gmt":"2025-12-11T16:38:37","slug":"aptos-faeden-warum-ist-diese-technologie-anders","status":"publish","type":"post","link":"https:\/\/biolaser.fr\/de\/aptos-faeden-warum-ist-diese-technologie-anders\/","title":{"rendered":"APTOS-F\u00e4den: Warum ist diese Technologie anders?"},"content":{"rendered":"\n<p>Die Erschlaffung der unteren Gesichtspartie, des Halses oder der Wangenknochen veranlasst immer mehr Patienten aus dem Haut-Rhin und dem Territoire de Belfort, nach L\u00f6sungen ohne chirurgischen Eingriff zu suchen.<\/p>\n\n\n\n<p>Im Centre Biolaser in Saint-Louis bieten die <a href=\"https:\/\/biolaser.fr\/de\/fadenlifting-biolaser-zentrum-in-saint-louis-basel\/\" data-type=\"link\" data-id=\"https:\/\/biolaser.fr\/de\/fadenlifting-biolaser-zentrum-in-saint-louis-basel\/\">APTOS-F\u00e4den <\/a>eine pr\u00e4zise und individuell angepasste M\u00f6glichkeit, die Gesichtskonturen wiederherzustellen. Hier sind die 7 wichtigsten Punkte, die erkl\u00e4ren, warum diese Technologie f\u00fcr Patienten aus <a href=\"https:\/\/biolaser.fr\/de\/\" data-type=\"link\" data-id=\"https:\/\/biolaser.fr\/de\/\">Weil am Rhein, L\u00f6rrach, Freiburg im Breisgau, Rheinfelden (Baden), Bad S\u00e4ckingen, Zell im Wiesental und Schopfheim<\/a> so besonders ist.<\/p>\n\n\n\n<div class=\"wp-block-columns BlockVideo is-layout-flex wp-container-core-columns-is-layout-9d6595d7 wp-block-columns-is-layout-flex\">\n<div class=\"wp-block-column is-layout-flow wp-block-column-is-layout-flow\">\n<h3 class=\"wp-block-heading\">Eine Drahtstruktur f\u00fcr optimale Befestigung<\/h3>\n\n\n\n<p><a href=\"https:\/\/biolaser.fr\/de\/fadenlifting-biolaser-zentrum-in-saint-louis-basel\/\" data-type=\"link\" data-id=\"https:\/\/biolaser.fr\/de\/fadenlifting-biolaser-zentrum-in-saint-louis-basel\/\">APTOS-F\u00e4den<\/a> weisen spezifische Reliefs auf (je nach Modell Muster, Widerhaken oder Strukturen), die einen kontrollierten Halt im Gewebe erm\u00f6glichen.<\/p>\n\n\n\n<p>Dieses Design zielt darauf ab, die Stabilit\u00e4t der Repositionierung und die Pr\u00e4zision der Bewegung zu verbessern.<\/p>\n<\/div>\n\n\n\n<div class=\"wp-block-column is-vertically-aligned-center is-layout-flow wp-block-column-is-layout-flow\"><\/div>\n<\/div>\n\n\n\n<div class=\"wp-block-columns BlockTexte is-layout-flex wp-container-core-columns-is-layout-9d6595d7 wp-block-columns-is-layout-flex\">\n<div class=\"wp-block-column is-layout-flow wp-block-column-is-layout-flow\">\n<h3 class=\"wp-block-heading has-text-align-center\">Eine Kombination aus Materialien mit bekannten Eigenschaften<\/h3>\n\n\n\n<p>Je nach Referenz verwenden die F\u00e4den Polymere wie PCL oder PLLA, zwei Materialien, die aufgrund ihrer Wirkung auf die Hautqualit\u00e4t bereits in der \u00e4sthetischen Medizin eingesetzt werden.<\/p>\n\n\n\n<p>Ihre allm\u00e4hliche Resorption begleitet die Entwicklung des Ergebnisses.<\/p>\n<\/div>\n<\/div>\n\n\n\n<div class=\"wp-block-columns BlockTexte is-layout-flex wp-container-core-columns-is-layout-9d6595d7 wp-block-columns-is-layout-flex\">\n<div class=\"wp-block-column is-layout-flow wp-block-column-is-layout-flow\">\n<h3 class=\"wp-block-heading has-text-align-center\">Doppelte Wirkung: sofortiger Lifting-Effekt + Hautverbesserung<\/h3>\n\n\n\n<p>Eine doppelte Wirkung: sofortiger <a href=\"https:\/\/biolaser.fr\/de\/fadenlifting-biolaser-zentrum-in-saint-louis-basel\/\" data-type=\"link\" data-id=\"https:\/\/biolaser.fr\/de\/fadenlifting-biolaser-zentrum-in-saint-louis-basel\/\">Lifting-Effekt<\/a> + Hautverbesserung APTOS-F\u00e4den wirken auf zwei Ebenen:<\/p>\n\n\n\n<p>sofortige mechanische Wirkung auf die Gesichtskonturen, die Wangenknochen oder den Hals<\/p>\n\n\n\n<p>allm\u00e4hliche Wirkung durch die nat\u00fcrliche Reaktion des Gewebes<\/p>\n\n\n\n<p>Das Endergebnis stellt sich im Laufe der Wochen ein.<\/p>\n<\/div>\n<\/div>\n\n\n\n<div class=\"wp-block-columns BlockTexte is-layout-flex wp-container-core-columns-is-layout-9d6595d7 wp-block-columns-is-layout-flex\">\n<div class=\"wp-block-column is-layout-flow wp-block-column-is-layout-flow\">\n<h3 class=\"wp-block-heading has-text-align-center\">Eine vielf\u00e4ltige Produktpalette, die sich jedem Gesicht anpasst<\/h3>\n\n\n\n<p>APTOS bietet verschiedene Arten von F\u00e4den an, mit denen die Behandlung individuell angepasst werden kann:<\/p>\n\n\n\n<ul class=\"wp-block-list\">\n<li>Gesichtsform<\/li>\n\n\n\n<li>Wangen<\/li>\n\n\n\n<li>Wangenknochen<\/li>\n\n\n\n<li>Augenbrauen<\/li>\n\n\n\n<li>Hals<\/li>\n<\/ul>\n\n\n\n<p>Dank dieser Vielfalt kann die Behandlung je nach Hautdicke, Gewebegewicht und \u00e4sthetischem Ziel individuell angepasst werden.<\/p>\n<\/div>\n<\/div>\n\n\n\n<div class=\"wp-block-columns BlockTexte is-layout-flex wp-container-core-columns-is-layout-9d6595d7 wp-block-columns-is-layout-flex\">\n<div class=\"wp-block-column is-layout-flow wp-block-column-is-layout-flow\">\n<h3 class=\"wp-block-heading has-text-align-center\">Nat\u00fcrliche Ergebnisse, ohne den Ausdruck zu ver\u00e4ndern<\/h3>\n\n\n\n<p>Das Ziel ist kein chirurgisches Lifting, sondern eine dezente und harmonische Straffung, die von den Patienten besonders gesch\u00e4tzt wird.<\/p>\n\n\n\n<p>Die Beweglichkeit des Gesichts bleibt erhalten, ohne dass es zu einem starren Ausdruck kommt.<\/p>\n<\/div>\n<\/div>\n\n\n\n<div class=\"wp-block-columns BlockTexte is-layout-flex wp-container-core-columns-is-layout-9d6595d7 wp-block-columns-is-layout-flex\">\n<div class=\"wp-block-column is-layout-flow wp-block-column-is-layout-flow\">\n<h3 class=\"wp-block-heading has-text-align-center\">Ein streng medizinisches Protokoll im Centre Biolaser (Saint-Louis)<br><\/h3>\n\n\n\n<p>Vor jeder Behandlung findet eine obligatorische Beratung statt, bei der Folgendes beurteilt wird:<\/p>\n\n\n\n<ul class=\"wp-block-list\">\n<li>die Hautqualit\u00e4t<\/li>\n\n\n\n<li>das Vorliegen einer leichten bis m\u00e4\u00dfigen Hauterschlaffung<\/li>\n\n\n\n<li>m\u00f6gliche Alternativen<\/li>\n<\/ul>\n\n\n\n<p>Der Eingriff wird unter \u00f6rtlicher Bet\u00e4ubung durchgef\u00fchrt und hat nur geringe Nebenwirkungen (Empfindlichkeit, \u00d6deme, vor\u00fcbergehende Spannungsgef\u00fchle).<\/p>\n<\/div>\n<\/div>\n\n\n\n<div class=\"wp-block-columns BlockTexte is-layout-flex wp-container-core-columns-is-layout-9d6595d7 wp-block-columns-is-layout-flex\">\n<div class=\"wp-block-column is-layout-flow wp-block-column-is-layout-flow\">\n<h3 class=\"wp-block-heading has-text-align-center\">Eine geeignete L\u00f6sung, wenn die Hauterschlaffung noch nicht zu weit fortgeschritten ist<br><\/h3>\n\n\n\n<p>APTOS-F\u00e4den eignen sich gut, wenn die Haut noch ausreichend straff ist und die Erschlaffung nicht zu stark ausgepr\u00e4gt ist.<\/p>\n\n\n\n<p>Bei starker Erschlaffung k\u00f6nnen bei der Beratung andere Optionen vorgeschlagen werden.<\/p>\n\n\n\n<p>APTOS-F\u00e4den zeichnen sich durch ihr Design, ihre Vielseitigkeit und ihre nat\u00fcrliche Wirkung aus, was sie zu einer beliebten L\u00f6sung f\u00fcr Patienten aus <a href=\"https:\/\/biolaser.fr\/de\/\" data-type=\"link\" data-id=\"https:\/\/biolaser.fr\/de\/\">Weil am Rhein, L\u00f6rrach, Freiburg im Breisgau, Rheinfelden (Baden), Bad S\u00e4ckingen, Zell im Wiesental, Schopfheim<\/a><a href=\"https:\/\/biolaser.fr\/\" data-type=\"link\" data-id=\"https:\/\/biolaser.fr\/\"> und Basel<\/a>.<\/p>\n\n\n\n<p>Eine medizinische Untersuchung ist unerl\u00e4sslich, um die Indikation zu best\u00e4tigen und einen individuellen Behandlungsplan festzulegen.<\/p>\n<\/div>\n<\/div>\n\n\n\n<div class=\"wp-block-columns BlockTexte is-layout-flex wp-container-core-columns-is-layout-9d6595d7 wp-block-columns-is-layout-flex\">\n<div class=\"wp-block-column is-layout-flow wp-block-column-is-layout-flow\">\n<h3 class=\"wp-block-heading has-text-align-center\">Dr. Michael Thanacody: Facharzt f\u00fcr \u00e4sthetische Medizin<br><\/h3>\n\n\n\n<p>Dr. Michael Thanacody, Allgemeinmediziner mit einer Ausbildung in \u00e4sthetischer Medizin, bietet das Aptos-Fadenlifting-Verfahren in seiner Praxis in Saint-Louis (Haut-Rhin) in der N\u00e4he von <a href=\"https:\/\/biolaser.fr\/de\/\" data-type=\"link\" data-id=\"https:\/\/biolaser.fr\/de\/\">Weil am Rhein, L\u00f6rrach, Freiburg im Breisgau, Rheinfelden (Baden), Bad S\u00e4ckingen, Zell im Wiesental, Schopfheim<\/a><a href=\"https:\/\/biolaser.fr\/\" data-type=\"link\" data-id=\"https:\/\/biolaser.fr\/\"> und Basel<\/a>. Er begleitet seine Patienten mit einem personalisierten, sicheren und wissenschaftlichen Ansatz und garantiert eine optimale Betreuung w\u00e4hrend jeder Behandlung. Patienten k\u00f6nnen online \u00fcber Doctolib einen Termin vereinbaren oder detaillierte Informationen auf der offiziellen Website von Dr. Thanacody einsehen: biolaser.de <\/p>\n\n\n\n<p>Um mehr \u00fcber das APTOS-Fadenlifting-Verfahren zu erfahren, besuchen Sie die offizielle Website oder vereinbaren Sie einen Termin mit Dr. Michael Thanacody \u00fcber <a href=\"https:\/\/www.doctolib.fr\/centre-laser-et-esthetique\/saint-louis\/centre-medical-biolaser\" data-type=\"link\" data-id=\"https:\/\/www.doctolib.fr\/centre-laser-et-esthetique\/saint-louis\/centre-medical-biolaser\" target=\"_blank\" rel=\"noopener\">Doctolib.<\/a><\/p>\n<\/div>\n<\/div>\n\n\n\n<p><\/p>\n","protected":false},"excerpt":{"rendered":"<p>Die Erschlaffung der unteren Gesichtspartie, des Halses oder der Wangenknochen veranlasst immer mehr Patienten aus dem Haut-Rhin und dem Territoire de Belfort, nach L\u00f6sungen ohne chirurgischen Eingriff zu suchen. Im Centre Biolaser in Saint-Louis bieten die APTOS-F\u00e4den eine pr\u00e4zise und individuell angepasste M\u00f6glichkeit, die Gesichtskonturen wiederherzustellen. Hier sind die 7 wichtigsten Punkte, die erkl\u00e4ren, warum [&hellip;]<\/p>\n","protected":false},"author":3,"featured_media":0,"comment_status":"closed","ping_status":"closed","sticky":false,"template":"","format":"standard","meta":{"_acf_changed":false,"tpgb_global_settings":"","footnotes":""},"categories":[9],"tags":[],"class_list":["post-12564","post","type-post","status-publish","format-standard","hentry","category-unkategorisiert"],"acf":[],"tpgb_featured_images":null,"tpgb_post_meta_info":{"get_date":"11. Dezember 2025","category_list":{"category":[{"term_id":9,"name":"Unkategorisiert","slug":"unkategorisiert","term_group":0,"term_taxonomy_id":9,"taxonomy":"category","description":"","parent":0,"count":120,"filter":"raw"}],"post_tag":false},"author_name":"mthanacody","author_url":"https:\/\/biolaser.fr\/de\/author\/mthanacody\/","author_email":"mthanacody@gmail.com","author_website":"","author_description":"","author_facebook":"","author_twitter":"","author_instagram":"","author_role":["administrator"],"author_firstname":"","author_lastname":"","user_login":"mthanacody","comment_count":0,"post_likes":0,"post_views":0},"tpgb_post_category":{"category":"<a href=\"https:\/\/biolaser.fr\/de\/category\/unkategorisiert\/\" alt=\"Unkategorisiert\" class=\"category-unkategorisiert\">Unkategorisiert<\/a> "},"_links":{"self":[{"href":"https:\/\/biolaser.fr\/de\/wp-json\/wp\/v2\/posts\/12564","targetHints":{"allow":["GET"]}}],"collection":[{"href":"https:\/\/biolaser.fr\/de\/wp-json\/wp\/v2\/posts"}],"about":[{"href":"https:\/\/biolaser.fr\/de\/wp-json\/wp\/v2\/types\/post"}],"author":[{"embeddable":true,"href":"https:\/\/biolaser.fr\/de\/wp-json\/wp\/v2\/users\/3"}],"replies":[{"embeddable":true,"href":"https:\/\/biolaser.fr\/de\/wp-json\/wp\/v2\/comments?post=12564"}],"version-history":[{"count":2,"href":"https:\/\/biolaser.fr\/de\/wp-json\/wp\/v2\/posts\/12564\/revisions"}],"predecessor-version":[{"id":12566,"href":"https:\/\/biolaser.fr\/de\/wp-json\/wp\/v2\/posts\/12564\/revisions\/12566"}],"wp:attachment":[{"href":"https:\/\/biolaser.fr\/de\/wp-json\/wp\/v2\/media?parent=12564"}],"wp:term":[{"taxonomy":"category","embeddable":true,"href":"https:\/\/biolaser.fr\/de\/wp-json\/wp\/v2\/categories?post=12564"},{"taxonomy":"post_tag","embeddable":true,"href":"https:\/\/biolaser.fr\/de\/wp-json\/wp\/v2\/tags?post=12564"}],"curies":[{"name":"wp","href":"https:\/\/api.w.org\/{rel}","templated":true}]}}