{"id":12472,"date":"2025-08-13T13:30:28","date_gmt":"2025-08-13T11:30:28","guid":{"rendered":"https:\/\/biolaser.fr\/prp-hair-antworten-auf-die-am-haeufigsten-gestellten-fragen\/"},"modified":"2025-08-13T13:30:51","modified_gmt":"2025-08-13T11:30:51","slug":"prp-hair-antworten-auf-die-am-haeufigsten-gestellten-fragen","status":"publish","type":"post","link":"https:\/\/biolaser.fr\/de\/prp-hair-antworten-auf-die-am-haeufigsten-gestellten-fragen\/","title":{"rendered":"PRP Hair: Antworten auf die am h\u00e4ufigsten gestellten Fragen"},"content":{"rendered":"\t\t<div data-elementor-type=\"wp-post\" data-elementor-id=\"12472\" class=\"elementor elementor-12472 elementor-12462\" data-elementor-post-type=\"post\">\n\t\t\t\t<div class=\"elementor-element elementor-element-76a1a96 e-flex e-con-boxed e-con e-parent\" data-id=\"76a1a96\" data-element_type=\"container\" data-e-type=\"container\">\n\t\t\t\t\t<div class=\"e-con-inner\">\n\t\t\t\t<div class=\"elementor-element elementor-element-f258c1f elementor-widget elementor-widget-text-editor\" data-id=\"f258c1f\" data-element_type=\"widget\" data-e-type=\"widget\" data-widget_type=\"text-editor.default\">\n\t\t\t\t<div class=\"elementor-widget-container\">\n\t\t\t\t\t\t\t\t\t<p style=\"text-align: justify;\"><span style=\"font-weight: 400;\">Haarausfall kann einen gro\u00dfen Einfluss auf das Selbstvertrauen haben, sowohl bei M\u00e4nnern als auch bei Frauen. Zu den modernen und effektiven L\u00f6sungen geh\u00f6rt die   <\/span><b>Haar-PRP<\/b><span style=\"font-weight: 400;\"> (Platelet-Rich Plasma) ist eine innovative, sichere und nicht-chirurgische Behandlung zur Stimulierung des Nachwachsens und zur Verbesserung der Haarqualit\u00e4t.<\/span><span style=\"font-weight: 400;\"><br><\/span> <span style=\"font-weight: 400;\"> Im <\/span><b>Biolaser Aesthetic and Laser Medical Center<\/b> <span style=\"font-weight: 400;\">in Saint-Louis, in der N\u00e4he von Mulhouse und Basel, beantworten unsere Fach\u00e4rzte die h\u00e4ufigsten Fragen zu dieser Methode.<\/span><\/p><h3 style=\"text-align: justify;\"><b>Was ist kapillares PRP?<\/b><\/h3><p style=\"text-align: justify;\"><span style=\"font-weight: 400;\"> <\/span><b>Das PRP-Haar<\/b><span style=\"font-weight: 400;\">  ist eine regenerative Behandlung, bei der das eigene Blut des Patienten verwendet wird. Nach einer Blutabnahme wird das Blut in eine Zentrifuge gegeben, um das pl\u00e4ttchenreiche Plasma abzutrennen, das von Natur aus mit Wachstumsfaktoren beladen ist. <\/span><span style=\"font-weight: 400;\"><br><\/span><span style=\"font-weight: 400;\">  Dieses Plasma wird dann wieder in die Kopfhaut injiziert, um die Haarfollikel zu stimulieren und das Nachwachsen zu f\u00f6rdern.<\/span><\/p><h3 style=\"text-align: justify;\"><b>Wer kann von den PRP-Haaren profitieren?<\/b><\/h3><p style=\"text-align: justify;\"><span style=\"font-weight: 400;\">Das PRP ist geeignet f\u00fcr:<\/span><\/p><ul style=\"text-align: justify;\"><li style=\"font-weight: 400;\" aria-level=\"1\"><span style=\"font-weight: 400;\">M\u00e4nner und Frauen mit androgenetischer Alopezie (fortschreitende Kahlheit)<\/span><\/li><li style=\"font-weight: 400;\" aria-level=\"1\"><span style=\"font-weight: 400;\">Menschen mit sch\u00fctterem oder br\u00fcchigem Haar<\/span><\/li><li style=\"font-weight: 400;\" aria-level=\"1\"><span style=\"font-weight: 400;\">Diejenigen, die die Dicke und Vitalit\u00e4t ihres Haares verbessern m\u00f6chten<\/span><\/li><li style=\"font-weight: 400;\" aria-level=\"1\"><span style=\"font-weight: 400;\">Patienten nach einer Haartransplantation zur Optimierung des Nachwachsens<\/span><\/li><\/ul><p style=\"text-align: justify;\"><span style=\"font-weight: 400;\">Unsere \u00c4rzte im <\/span><b>Biolaser Zentrum<\/b><span style=\"font-weight: 400;\"> kl\u00e4ren die Machbarkeit in einem pers\u00f6nlichen Beratungsgespr\u00e4ch ab.<\/span><\/p><h3 style=\"text-align: justify;\"><b>Wie l\u00e4uft eine PRP-Sitzung ab?<\/b><\/h3><ol style=\"text-align: justify;\"><li style=\"font-weight: 400;\" aria-level=\"1\"><b>Blutprobe<\/b><span style=\"font-weight: 400;\"> \u00e4hnlich einer herk\u00f6mmlichen Blutuntersuchung.<\/span><\/li><li style=\"font-weight: 400;\" aria-level=\"1\"><b>Zentrifugation<\/b><span style=\"font-weight: 400;\"> zur Isolierung von pl\u00e4ttchenreichem Plasma.<\/span><\/li><li style=\"font-weight: 400;\" aria-level=\"1\"><b>Mikroinjektionen<\/b><span style=\"font-weight: 400;\"> von PRP in die Zielbereiche der Kopfhaut mit sehr feinen Nadeln.<\/span><\/li><\/ol><p style=\"text-align: justify;\"><span style=\"font-weight: 400;\">Die Sitzung dauert ca. 45 Minuten und erfordert keine Pause von der Aktivit\u00e4t.<\/span><\/p><h3 style=\"text-align: justify;\"><b>Ist die Behandlung schmerzhaft?<\/b><\/h3><p style=\"text-align: justify;\"><span style=\"font-weight: 400;\">Die Beschwerden sind in der Regel minimal. Eine Bet\u00e4ubungscreme kann vor der Sitzung aufgetragen werden, um mehr Komfort zu gew\u00e4hrleisten. Bei    <\/span><b>Bei Biolaser<\/b> <span style=\"font-weight: 400;\">sorgen wir daf\u00fcr, dass die Erfahrung so reibungslos wie m\u00f6glich verl\u00e4uft.<\/span><\/p><h3 style=\"text-align: justify;\"><b>Wie viele Sitzungen sind notwendig?<\/b><\/h3><p style=\"text-align: justify;\"><span style=\"font-weight: 400;\">Im Durchschnitt wird ein Protokoll von <\/span><b>3 bis 4 Sitzungen im Abstand von einem Monat<\/b><span style=\"font-weight: 400;\"> empfohlen, gefolgt von einer Erhaltungssitzung alle 6 bis 12 Monate, um die Ergebnisse zu erhalten.<\/span><\/p><h3 style=\"text-align: justify;\"><b>Welche Ergebnisse sind zu erwarten?<\/b><\/h3><ul style=\"text-align: justify;\"><li style=\"font-weight: 400;\" aria-level=\"1\"><span style=\"font-weight: 400;\">Verbesserte Haardicke und -dichte<\/span><\/li><li style=\"font-weight: 400;\" aria-level=\"1\"><span style=\"font-weight: 400;\">Den Fall verlangsamen<\/span><\/li><li style=\"font-weight: 400;\" aria-level=\"1\"><span style=\"font-weight: 400;\">Anregung neuer Wachstumszyklen<\/span><span style=\"font-weight: 400;\"><br><\/span><span style=\"font-weight: 400;\">Die ersten Effekte sind in der Regel nach <\/span><b>2 bis 3 Monaten<\/b> zu sehen<span style=\"font-weight: 400;\">, mit einer allm\u00e4hlichen Besserung.<\/span><\/li><\/ul><h3 style=\"text-align: justify;\"><b>Gibt es Nebenwirkungen?<\/b><\/h3><p style=\"text-align: justify;\"><span style=\"font-weight: 400;\">Da es sich um ein von Patienten gewonnenes Produkt handelt, birgt PRP kein <\/span><b>Risiko f\u00fcr Absto\u00dfung oder Allergie<\/b><span style=\"font-weight: 400;\">. Die Nebenwirkungen beschr\u00e4nken sich auf leichte R\u00f6tungen oder vor\u00fcbergehende Empfindlichkeit der Kopfhaut.<\/span><\/p><h3 style=\"text-align: justify;\"><b>PRP oder Haarmesotherapie: Was ist der Unterschied?<\/b><\/h3><ul style=\"text-align: justify;\"><li style=\"font-weight: 400;\" aria-level=\"1\"><b>PRP<\/b><span style=\"font-weight: 400;\"> : verwendet das pl\u00e4ttchenreiche Plasma des Patienten, das reich an Wachstumsfaktoren ist.<\/span><\/li><li style=\"font-weight: 400;\" aria-level=\"1\"><b>Mesotherapie<\/b><span style=\"font-weight: 400;\"> : basiert auf der Injektion von Vitaminen, Mineralien und Aminos\u00e4uren.<\/span><\/li><\/ul><p style=\"text-align: justify;\"><span style=\"font-weight: 400;\">Bei <\/span><b>Biolaser<\/b> <span style=\"font-weight: 400;\">bieten wir beide Behandlungen an und k\u00f6nnen sie nach Ihren Bed\u00fcrfnissen kombinieren.<\/span><\/p><h3 style=\"text-align: justify;\"><b>Kontraindikationen und Vorsichtsma\u00dfnahmen vor der PRP-Haarbehandlung<\/b><\/h3><p style=\"text-align: justify;\"><span style=\"font-weight: 400;\">Haar-PRP ist eine sichere und gut vertr\u00e4gliche Behandlung, aber sie ist nicht f\u00fcr alle Situationen geeignet. Einige Erkrankungen oder laufende Behandlungen k\u00f6nnen eine Verschiebung oder Anpassung des Eingriffs erfordern. <\/span><\/p><p style=\"text-align: justify;\"><b>Wichtigste Kontraindikationen:<\/b><\/p><ul style=\"text-align: justify;\"><li style=\"font-weight: 400;\" aria-level=\"1\"><span style=\"font-weight: 400;\">Blutkrankheiten oder Blutgerinnungsst\u00f6rungen<\/span><\/li><li style=\"font-weight: 400;\" aria-level=\"1\"><span style=\"font-weight: 400;\">Aktive Infektionen oder Entz\u00fcndungen der Kopfhaut<\/span><\/li><li style=\"font-weight: 400;\" aria-level=\"1\"><span style=\"font-weight: 400;\">Schwere Autoimmunerkrankungen<\/span><\/li><li style=\"font-weight: 400;\" aria-level=\"1\"><span style=\"font-weight: 400;\">Krebs in Behandlung oder in k\u00fcrzlicher Remission<\/span><\/li><li style=\"font-weight: 400;\" aria-level=\"1\"><span style=\"font-weight: 400;\">Einnahme von starken Antikoagulanzien oder Entz\u00fcndungshemmern (nach \u00e4rztlicher Absprache)<\/span><\/li><li style=\"font-weight: 400;\" aria-level=\"1\"><span style=\"font-weight: 400;\">Schwangerschaft oder Stillzeit<\/span><\/li><\/ul><p style=\"text-align: justify;\"><b>Vorsichtsma\u00dfnahmen, die Sie vor der Sitzung treffen sollten:<\/b><\/p><ul style=\"text-align: justify;\"><li style=\"font-weight: 400;\" aria-level=\"1\"><span style=\"font-weight: 400;\">Vermeiden Sie die Einnahme von Aspirin und entz\u00fcndungshemmenden Medikamenten in den Tagen zuvor (es sei denn, ein Arzt r\u00e4t etwas anderes)<\/span><\/li><li style=\"font-weight: 400;\" aria-level=\"1\"><span style=\"font-weight: 400;\">Kommen Sie mit sauberem Haar und ohne Stylingprodukte an<\/span><\/li><li style=\"font-weight: 400;\" aria-level=\"1\"><span style=\"font-weight: 400;\">Melden Sie Behandlungen oder gesundheitliche Probleme beim ersten Besuch<\/span><\/li><\/ul><p style=\"text-align: justify;\"><span style=\"font-weight: 400;\">Im <\/span><b>Biolaser Zentrum<\/b><span style=\"font-weight: 400;\">hat die Sicherheit unserer Patienten Priorit\u00e4t. Aus diesem Grund wird immer eine gr\u00fcndliche medizinische Untersuchung durchgef\u00fchrt, bevor mit dem PRP-Protokoll begonnen wird. <\/span><\/p><h3 style=\"text-align: justify;\"><b>Wie hoch sind die Kosten f\u00fcr eine PRP-Haarbehandlung?<\/b><\/h3><p style=\"text-align: justify;\"><span style=\"font-weight: 400;\">Der Preis einer PRP-Haarbehandlung h\u00e4ngt von Ihrer Haarsituation und dem von unseren \u00c4rzten empfohlenen Protokoll ab. Jedes Haar ist einzigartig, deshalb entwickeln wir   <\/span><b>Biolaser Center<\/b>, <span style=\"font-weight: 400;\"> ein personalisierter Plan, der Ihnen die bestm\u00f6glichen Ergebnisse garantiert.<\/span><span style=\"font-weight: 400;\"><br><\/span><span style=\"font-weight: 400;\">Bei Ihrem ersten Beratungsgespr\u00e4ch beurteilen wir den Zustand Ihrer Kopfhaut, definieren die Anzahl der erforderlichen Sitzungen und unterbreiten Ihnen ein pr\u00e4zises und transparentes Angebot.<\/span><span style=\"font-weight: 400;\"><br><\/span><i><span style=\"font-weight: 400;\">In die Gesundheit und Sch\u00f6nheit Ihres Haares zu investieren, bedeutet auch, in Ihr Selbstvertrauen zu investieren.<\/span><\/i><span style=\"font-weight: 400;\">  Vereinbaren Sie noch heute einen Termin, um herauszufinden, was das RPP f\u00fcr Sie tun kann.<\/span><\/p><h3 style=\"text-align: justify;\"><b>Warum sollten Sie das Biolaser Center f\u00fcr Ihr Haar-PRP w\u00e4hlen?<\/b><\/h3><ul style=\"text-align: justify;\"><li style=\"font-weight: 400;\" aria-level=\"1\"><b>Qualifizierte und erfahrene \u00c4rzte<\/b><span style=\"font-weight: 400;\"> in der \u00e4sthetischen und Haarpflege<\/span><\/li><li style=\"font-weight: 400;\" aria-level=\"1\"><b>Modernste Ger\u00e4te<\/b><span style=\"font-weight: 400;\"> f\u00fcr eine sichere und effektive Behandlung<\/span><\/li><li style=\"font-weight: 400;\" aria-level=\"1\"><b>N\u00e4he<\/b><span style=\"font-weight: 400;\"> zu Mulhouse, Colmar, Belfort, Montb\u00e9liard und der Schweizer Grenze<\/span><\/li><li style=\"font-weight: 400;\" aria-level=\"1\"><b>Personalisierter Ansatz<\/b><span style=\"font-weight: 400;\"> f\u00fcr jeden Patienten<\/span><\/li><\/ul><h3 style=\"text-align: justify;\"><b>Schlussfolgerung<\/b><\/h3><p style=\"text-align: justify;\"><span style=\"font-weight: 400;\">Hair PRP ist eine nat\u00fcrliche, sichere und effektive L\u00f6sung, um Ihrem Haar St\u00e4rke, Volumen und Vitalit\u00e4t zur\u00fcckzugeben. Bei   <\/span><b>Biolaser<\/b><span style=\"font-weight: 400;\">, wir stellen unser Know-how und unsere Technologie in den Dienst Ihres Haares.<\/span><\/p><p style=\"text-align: justify;\"><a href=\"https:\/\/www.doctolib.fr\/centre-laser-et-esthetique\/saint-louis\/centre-medical-biolaser\" target=\"_blank\" rel=\"noopener\"><b>Vereinbaren Sie<\/b><\/a><b> noch heute<\/b> einen Termin<b><br><\/b><span style=\"font-weight: 400;\">Verleihen Sie Ihrem Haar mit dem Hair PRP neues Leben. Wenden Sie sich an die   <\/span><a href=\"https:\/\/biolaser.fr\/de\/\"><b>Biolaser-\u00c4sthetik- und Lasermedizinzentrum<\/b><\/a><span style=\"font-weight: 400;\"> in Saint-Louis f\u00fcr Ihre pers\u00f6nliche Beratung.<\/span><\/p>\t\t\t\t\t\t\t\t<\/div>\n\t\t\t\t<\/div>\n\t\t\t\t\t<\/div>\n\t\t\t\t<\/div>\n\t\t\t\t<\/div>\n\t\t","protected":false},"excerpt":{"rendered":"<p>Haarausfall kann einen gro\u00dfen Einfluss auf das Selbstvertrauen haben, sowohl bei M\u00e4nnern als auch bei Frauen. Zu den modernen und effektiven L\u00f6sungen geh\u00f6rt die Haar-PRP (Platelet-Rich Plasma) ist eine innovative, sichere und nicht-chirurgische Behandlung zur Stimulierung des Nachwachsens und zur Verbesserung der Haarqualit\u00e4t. Im Biolaser Aesthetic and Laser Medical Center in Saint-Louis, in der N\u00e4he [&hellip;]<\/p>\n","protected":false},"author":3,"featured_media":12469,"comment_status":"closed","ping_status":"closed","sticky":false,"template":"","format":"standard","meta":{"_acf_changed":false,"tpgb_global_settings":"","footnotes":""},"categories":[9],"tags":[],"class_list":["post-12472","post","type-post","status-publish","format-standard","has-post-thumbnail","hentry","category-unkategorisiert"],"acf":[],"tpgb_featured_images":{"full":["https:\/\/biolaser.fr\/wp-content\/uploads\/2025\/08\/PRP-cheveux-Biolaser-Thanacody-Mulhouse.jpg",1500,998,false],"tp-image-grid":["https:\/\/biolaser.fr\/wp-content\/uploads\/2025\/08\/PRP-cheveux-Biolaser-Thanacody-Mulhouse-700x700.jpg",700,700,true],"thumbnail":["https:\/\/biolaser.fr\/wp-content\/uploads\/2025\/08\/PRP-cheveux-Biolaser-Thanacody-Mulhouse-150x150.jpg",150,150,true],"medium":["https:\/\/biolaser.fr\/wp-content\/uploads\/2025\/08\/PRP-cheveux-Biolaser-Thanacody-Mulhouse-300x200.jpg",300,200,true],"medium_large":["https:\/\/biolaser.fr\/wp-content\/uploads\/2025\/08\/PRP-cheveux-Biolaser-Thanacody-Mulhouse-768x511.jpg",640,426,true],"large":["https:\/\/biolaser.fr\/wp-content\/uploads\/2025\/08\/PRP-cheveux-Biolaser-Thanacody-Mulhouse-1024x681.jpg",640,426,true],"default":"https:\/\/biolaser.fr\/wp-content\/plugins\/the-plus-addons-for-block-editor\/assets\/images\/tpgb-placeholder.jpg"},"tpgb_post_meta_info":{"get_date":"13. August 2025","category_list":{"category":[{"term_id":9,"name":"Unkategorisiert","slug":"unkategorisiert","term_group":0,"term_taxonomy_id":9,"taxonomy":"category","description":"","parent":0,"count":120,"filter":"raw"}],"post_tag":false},"author_name":"mthanacody","author_url":"https:\/\/biolaser.fr\/de\/author\/mthanacody\/","author_email":"mthanacody@gmail.com","author_website":"","author_description":"","author_facebook":"","author_twitter":"","author_instagram":"","author_role":["administrator"],"author_firstname":"","author_lastname":"","user_login":"mthanacody","comment_count":0,"post_likes":0,"post_views":0},"tpgb_post_category":{"category":"<a href=\"https:\/\/biolaser.fr\/de\/category\/unkategorisiert\/\" alt=\"Unkategorisiert\" class=\"category-unkategorisiert\">Unkategorisiert<\/a> "},"_links":{"self":[{"href":"https:\/\/biolaser.fr\/de\/wp-json\/wp\/v2\/posts\/12472","targetHints":{"allow":["GET"]}}],"collection":[{"href":"https:\/\/biolaser.fr\/de\/wp-json\/wp\/v2\/posts"}],"about":[{"href":"https:\/\/biolaser.fr\/de\/wp-json\/wp\/v2\/types\/post"}],"author":[{"embeddable":true,"href":"https:\/\/biolaser.fr\/de\/wp-json\/wp\/v2\/users\/3"}],"replies":[{"embeddable":true,"href":"https:\/\/biolaser.fr\/de\/wp-json\/wp\/v2\/comments?post=12472"}],"version-history":[{"count":2,"href":"https:\/\/biolaser.fr\/de\/wp-json\/wp\/v2\/posts\/12472\/revisions"}],"predecessor-version":[{"id":12476,"href":"https:\/\/biolaser.fr\/de\/wp-json\/wp\/v2\/posts\/12472\/revisions\/12476"}],"wp:featuredmedia":[{"embeddable":true,"href":"https:\/\/biolaser.fr\/de\/wp-json\/wp\/v2\/media\/12469"}],"wp:attachment":[{"href":"https:\/\/biolaser.fr\/de\/wp-json\/wp\/v2\/media?parent=12472"}],"wp:term":[{"taxonomy":"category","embeddable":true,"href":"https:\/\/biolaser.fr\/de\/wp-json\/wp\/v2\/categories?post=12472"},{"taxonomy":"post_tag","embeddable":true,"href":"https:\/\/biolaser.fr\/de\/wp-json\/wp\/v2\/tags?post=12472"}],"curies":[{"name":"wp","href":"https:\/\/api.w.org\/{rel}","templated":true}]}}